{"id":13272,"date":"2026-04-27T12:38:22","date_gmt":"2026-04-27T11:38:22","guid":{"rendered":"https:\/\/erlebnis-parkplatz.net\/?p=13272"},"modified":"2026-04-27T12:51:09","modified_gmt":"2026-04-27T11:51:09","slug":"haag-strickt-fuer-obdachlose","status":"publish","type":"post","link":"https:\/\/erlebnis-parkplatz.net\/?p=13272","title":{"rendered":"Hausruck strickt f\u00fcr Obdachlose"},"content":{"rendered":"\n<p><strong>Vor kurzem habe ich berichtet, dass derzeit Menschen in \u00d6sterreich, Deutschland &amp; der Schweiz gemeinsam f\u00fcr Obdachlose stricken &#8211; und dabei nebenbei vielleicht auch noch einen Weltrekord knacken. Jetzt ist sicher: Auch Haag &amp; Umgebung sind dabei.<\/strong><\/p>\n\n\n\n<p>Es hat sich einiges getan, seit ich am 29. M\u00e4rz das erste Mal \u00fcber den Sockenweltrekordversuch zugunsten von Obdachlosen berichtet habe (<a href=\"https:\/\/erlebnis-parkplatz.net\/?p=12977\" target=\"_blank\" rel=\"noreferrer noopener\">Weltrekord-Versuch: Mach mit<\/a>).<\/p>\n\n\n\n<p>Ziel ist ja, dass bis M\u00e4rz 2027 36.000 Paar Socken gestrickt werden, um die Welt gemeinsam ein St\u00fcck w\u00e4rmer zu machen. Anfang April 2027 werden diese am Swiss Yarn Festival gemeinsam auf einer W\u00e4scheleine aufgeh\u00e4ngt und danach an Obdachloseneinrichtungen in der Schweiz, \u00d6sterreich und Deutschland verteilt. <\/p>\n\n\n\n<h3 class=\"wp-block-heading\">Socken f\u00fcr Obdachlose in Linz &amp; Wien<\/h3>\n\n\n\n<p>Das hat mich motiviert, eine Sammelstelle in Haag zu finden &#8211; damit auch ganz viele Socken aus Haag &amp; Umgebung Obdachlosen zugute kommen k\u00f6nnen. Da ich sowieso regelm\u00e4\u00dfig zwischen Haag &amp; Schweiz pendle geht der Transport der &#8222;Hausruck-Socken&#8220; (durch mich) zum Weltrekord-Aufh\u00e4ngen ganz ohne zus\u00e4tzliche Umweltverschmutzung.<\/p>\n\n\n\n<p>Ich hab den Organisatorinnen dann Obdachloseneinrichtigungen in Linz und Wien f\u00fcr ihre Verteilliste vorgeschlagen und bin offizielle Helferin beim Abh\u00e4ngen der Socken. Danach werde ich einen Teil der abgeh\u00e4ngten Socken zu Obdachloseneinrichtungen in \u00d6sterreich bringen (dzt. geplant: Linz &amp; Wien).<\/p>\n\n\n\n<h3 class=\"wp-block-heading\">Es kann schon gestrickt werden!<\/h3>\n\n\n\n<p>Ich habe in den letzten Wochen auf die Suche nach einer Sammelstelle gemacht und mithilfe von engagierten Menschen ist mittlerweile gesichert, dass es in Haag demn\u00e4chst eine geben wird. Nur wo genau sie sein wird, ist noch in Abkl\u00e4rung. <\/p>\n\n\n\n<p>Es kann also ab sofort mit dem Stricken angefangen werden. Die Vorgaben sind (siehe auch &#8222;<a href=\"https:\/\/www.sockenweltrekord.com\/sockeninfos\/\" target=\"_blank\" rel=\"noreferrer noopener\">Socken-Infos<\/a>&#8220; der offiziellen Website).<\/p>\n\n\n\n<figure class=\"wp-block-image size-full\"><a href=\"https:\/\/erlebnis-parkplatz.net\/wp-content\/uploads\/2026\/04\/Warum-ab-Groesse-40.png\"><img loading=\"lazy\" decoding=\"async\" width=\"245\" height=\"206\" src=\"https:\/\/erlebnis-parkplatz.net\/wp-content\/uploads\/2026\/04\/Warum-ab-Groesse-40.png\" alt=\"\" class=\"wp-image-13275\"\/><\/a><figcaption class=\"wp-element-caption\">Copyright: Verein Sockenweltrekord<\/figcaption><\/figure>\n\n\n\n<ul class=\"wp-block-list\">\n<li><strong>Mindestens Gr\u00f6\u00dfe 40, aber sehr gern gr\u00f6\u00dfer<\/strong>. Oft wird Schuhgr\u00f6\u00dfe 43 ben\u00f6tigt und auch Menschen mit Gr\u00f6\u00dfe 45 freuen sich, wenn sie bedacht werden.<\/li>\n\n\n\n<li><strong>Schaftl\u00e4nge mindestens 10 \u2013 15 cm, bis 20 cm sind ideal.<\/strong><\/li>\n\n\n\n<li>Die Socken m\u00fcssen hinten am Schaft (Ferse an Ferse) etwa zwei Zentimeter unterhalb der oberen Kante <strong>mit zwei oder drei Stichen locker zusammengeheftet <\/strong>sein. Am besten mit einer Kontrastfarbe. Anfang und Ende des Fadens einfach mit einer festen Schleife zusammenbinden, die sich sp\u00e4ter aufziehen l\u00e4sst. Ein Video dazu findest du <a href=\"http:\/\/www.youtube.com\/watch?v=jcQ65DI-WWg\" target=\"_blank\" rel=\"noreferrer noopener\">auf YouTube<\/a>.<\/li>\n\n\n\n<li><strong>Jede Sockenwolle ist willkommen<\/strong>, egal ob 4-f\u00e4dig, 6-f\u00e4dig oder auch 8-f\u00e4dig.<\/li>\n\n\n\n<li><strong>Nur von Hand gestrickte Socken<\/strong> (Strickmaschinen sind nicht erlaubt)<\/li>\n\n\n\n<li><strong>Keine geh\u00e4kelten Socken<\/strong><\/li>\n\n\n\n<li>Spiral- und Bananensocken sind herzlich willkommen.Eine Gr\u00f6\u00dfenkennzeichnung&nbsp;ist&nbsp;nicht&nbsp;n\u00f6tig.<\/li>\n<\/ul>\n\n\n\n<h3 class=\"wp-block-heading\">Sammelstelle kommt demn\u00e4chst<\/h3>\n\n\n\n<p>Die Abkl\u00e4rung der genauen Sammelstelle ist derzeit im Endspurt. Ich werde informieren, sobald klar ist, wo genau sie ist. Bis dahin: An die Nadeln, fertig, Weltrekord f\u00fcr Obdachlose!<\/p>\n\n\n\n<hr class=\"wp-block-separator has-alpha-channel-opacity\"\/>\n\n\n\n<p><strong>Zum Weiterlesen<\/strong><\/p>\n\n\n\n<figure class=\"wp-block-embed is-type-wp-embed is-provider-platz-f-r-alle wp-block-embed-platz-f-r-alle\"><div class=\"wp-block-embed__wrapper\">\n<blockquote class=\"wp-embedded-content\" data-secret=\"LnFu5Iy7ZB\"><a href=\"https:\/\/erlebnis-parkplatz.net\/?p=12977\">Weltrekord-Versuch: Mach mit!<\/a><\/blockquote><iframe loading=\"lazy\" class=\"wp-embedded-content\" sandbox=\"allow-scripts\" security=\"restricted\" style=\"position: absolute; visibility: hidden;\" title=\"&#8222;Weltrekord-Versuch: Mach mit!&#8220; &#8211; platz f\u00fcr alle\" src=\"https:\/\/erlebnis-parkplatz.net\/?p=12977&#038;embed=true#?secret=Ypzl3xfFhW#?secret=LnFu5Iy7ZB\" data-secret=\"LnFu5Iy7ZB\" width=\"600\" height=\"338\" frameborder=\"0\" marginwidth=\"0\" marginheight=\"0\" scrolling=\"no\"><\/iframe>\n<\/div><\/figure>\n\n\n\n<p><strong>Offizielle Website<\/strong><\/p>\n\n\n\n<p><a href=\"https:\/\/www.sockenweltrekord.com\/\" target=\"_blank\" rel=\"noreferrer noopener\">Auf die Socken, fertig, Weltrekord: Website zum Socken-Weltrekordversuch zugunsten von Obdachlosen<\/a>. Abgerufen am 27.04.2026.<\/p>\n\n\n\n<p><strong>Ver\u00f6ffentlichung<\/strong><\/p>\n\n\n<div class=\"wp-block-post-date\"><time datetime=\"2026-04-27T12:38:22+01:00\">27. April 2026<\/time><\/div>\n\n\n<p><strong>\u00c4nderungen<\/strong><\/p>\n\n\n\n<ul class=\"wp-block-list\">\n<li>&#8212;<\/li>\n<\/ul>\n\n\n\n<p><strong>Letzte \u00c4nderung<\/strong><\/p>\n\n\n<div class=\"wp-block-post-date__modified-date wp-block-post-date\"><time datetime=\"2026-04-27T12:51:09+01:00\">27. April 2026<\/time><\/div>\n\n\n<p><\/p>\n","protected":false},"excerpt":{"rendered":"<p>Vor kurzem habe ich berichtet, dass derzeit Menschen in \u00d6sterreich, Deutschland &amp; der Schweiz gemeinsam f\u00fcr Obdachlose stricken &#8211; und dabei nebenbei vielleicht auch noch einen Weltrekord knacken. Jetzt ist sicher: Auch Haag &amp; Umgebung sind dabei. Es hat sich einiges getan, seit ich am 29. M\u00e4rz das erste Mal \u00fcber den Sockenweltrekordversuch zugunsten von&hellip; <a class=\"more-link\" href=\"https:\/\/erlebnis-parkplatz.net\/?p=13272\"><span class=\"screen-reader-text\">Hausruck strickt f\u00fcr Obdachlose<\/span> weiterlesen<\/a><\/p>\n","protected":false},"author":2,"featured_media":13277,"comment_status":"closed","ping_status":"closed","sticky":false,"template":"","format":"standard","meta":{"footnotes":""},"categories":[388,659,213],"tags":[105,1477,1454,571,1490,1462,1456,1463],"class_list":["post-13272","post","type-post","status-publish","format-standard","has-post-thumbnail","hentry","category-teilen","category-teilhabe","category-wertschaetzung","tag-haag-am-hausruck","tag-ideen-fuer-haag","tag-obdachlose","tag-platz-fuer-alle","tag-sammelstelle","tag-socken","tag-sockenweltrekord","tag-stricken","entry"],"_links":{"self":[{"href":"https:\/\/erlebnis-parkplatz.net\/index.php?rest_route=\/wp\/v2\/posts\/13272","targetHints":{"allow":["GET"]}}],"collection":[{"href":"https:\/\/erlebnis-parkplatz.net\/index.php?rest_route=\/wp\/v2\/posts"}],"about":[{"href":"https:\/\/erlebnis-parkplatz.net\/index.php?rest_route=\/wp\/v2\/types\/post"}],"author":[{"embeddable":true,"href":"https:\/\/erlebnis-parkplatz.net\/index.php?rest_route=\/wp\/v2\/users\/2"}],"replies":[{"embeddable":true,"href":"https:\/\/erlebnis-parkplatz.net\/index.php?rest_route=%2Fwp%2Fv2%2Fcomments&post=13272"}],"version-history":[{"count":7,"href":"https:\/\/erlebnis-parkplatz.net\/index.php?rest_route=\/wp\/v2\/posts\/13272\/revisions"}],"predecessor-version":[{"id":13286,"href":"https:\/\/erlebnis-parkplatz.net\/index.php?rest_route=\/wp\/v2\/posts\/13272\/revisions\/13286"}],"wp:featuredmedia":[{"embeddable":true,"href":"https:\/\/erlebnis-parkplatz.net\/index.php?rest_route=\/wp\/v2\/media\/13277"}],"wp:attachment":[{"href":"https:\/\/erlebnis-parkplatz.net\/index.php?rest_route=%2Fwp%2Fv2%2Fmedia&parent=13272"}],"wp:term":[{"taxonomy":"category","embeddable":true,"href":"https:\/\/erlebnis-parkplatz.net\/index.php?rest_route=%2Fwp%2Fv2%2Fcategories&post=13272"},{"taxonomy":"post_tag","embeddable":true,"href":"https:\/\/erlebnis-parkplatz.net\/index.php?rest_route=%2Fwp%2Fv2%2Ftags&post=13272"}],"curies":[{"name":"wp","href":"https:\/\/api.w.org\/{rel}","templated":true}]}}