{"id":12865,"date":"2026-02-09T19:20:07","date_gmt":"2026-02-09T18:20:07","guid":{"rendered":"https:\/\/erlebnis-parkplatz.net\/?p=12865"},"modified":"2026-02-09T19:20:07","modified_gmt":"2026-02-09T18:20:07","slug":"heimat-fuer-alle","status":"publish","type":"post","link":"https:\/\/erlebnis-parkplatz.net\/?p=12865","title":{"rendered":"Heimat F\u00fcr Alle"},"content":{"rendered":"\n<p><strong>Bei mir daheim sind dem\u00e4chst Wahlen. Oder doch nicht bei mir daheim?<\/strong> <strong>Wer entscheidet denn, wo ich mich daheim f\u00fchlen darf? <\/strong><\/p>\n\n\n\n<p>Dar\u00fcber gibt es unterschiedliche Ansichten. Umso freue ich mich \u00fcber die Plakate der Partei des Gemeindepr\u00e4sidenten (=B\u00fcrgermeister) meiner Stadt. Er m\u00f6chte, dass die Stadt, in der ich wohne, f\u00fcr alle eine Heimat ist &#8211; also auch f\u00fcr mich. <\/p>\n\n\n\n<figure class=\"wp-block-image size-large\"><a href=\"https:\/\/erlebnis-parkplatz.net\/wp-content\/uploads\/2026\/02\/IMG_20260201_192417_cr-scaled.jpg\"><img loading=\"lazy\" decoding=\"async\" width=\"625\" height=\"1024\" src=\"https:\/\/erlebnis-parkplatz.net\/wp-content\/uploads\/2026\/02\/IMG_20260201_192417_cr-625x1024.jpg\" alt=\"\" class=\"wp-image-12867\" srcset=\"https:\/\/erlebnis-parkplatz.net\/wp-content\/uploads\/2026\/02\/IMG_20260201_192417_cr-625x1024.jpg 625w, https:\/\/erlebnis-parkplatz.net\/wp-content\/uploads\/2026\/02\/IMG_20260201_192417_cr-183x300.jpg 183w, https:\/\/erlebnis-parkplatz.net\/wp-content\/uploads\/2026\/02\/IMG_20260201_192417_cr-768x1258.jpg 768w, https:\/\/erlebnis-parkplatz.net\/wp-content\/uploads\/2026\/02\/IMG_20260201_192417_cr-938x1536.jpg 938w, https:\/\/erlebnis-parkplatz.net\/wp-content\/uploads\/2026\/02\/IMG_20260201_192417_cr-1250x2048.jpg 1250w, https:\/\/erlebnis-parkplatz.net\/wp-content\/uploads\/2026\/02\/IMG_20260201_192417_cr-1568x2569.jpg 1568w, https:\/\/erlebnis-parkplatz.net\/wp-content\/uploads\/2026\/02\/IMG_20260201_192417_cr-scaled.jpg 1563w\" sizes=\"auto, (max-width: 625px) 100vw, 625px\" \/><\/a><\/figure>\n\n\n\n<p>Noch mehr w\u00fcrde ich mich freuen, wenn ich bei den Stadtratswahlen auch w\u00e4hlen d\u00fcrfte. Das darf ich n\u00e4mlich nicht. Aber was nicht ist, kann ja noch werden &#8211; f\u00fcr mich und alle anderen, die dort, wo sie wohnen, nicht w\u00e4hlen d\u00fcrfen. <\/p>\n\n\n\n<hr class=\"wp-block-separator has-alpha-channel-opacity\"\/>\n\n\n\n<p><strong>Zum Weiterlesen<\/strong><\/p>\n\n\n\n<p><a href=\"https:\/\/hdgoe.at\/UM_Die-Entwicklung-des-Wahlrechts-in-Oesterreich\" target=\"_blank\" rel=\"noreferrer noopener\">Wahlrecht f\u00fcr alle. Die Entwicklung des Wahlrechts in \u00d6sterreich<\/a>. hdg\u00f6 &#8211; Haus der Geschichte \u00d6sterreichs. Abgerufen am 9.2.2026<\/p>\n\n\n\n<p><a href=\"https:\/\/www.humanrights.ch\/de\/ipf\/menschenrechte\/migration-asyl\/politische-rechte\" target=\"_blank\" rel=\"noreferrer noopener\">Politische Rechte f\u00fcr Ausl\u00e4nder\/innen in der Schweiz<\/a>. humanrights.ch. Abgerufen am 9.2.2026<\/p>\n\n\n\n<p><strong>Ver\u00f6ffentlichung<\/strong><\/p>\n\n\n<div class=\"wp-block-post-date\"><time datetime=\"2026-02-09T19:20:07+01:00\">9. Februar 2026<\/time><\/div>\n\n\n<p><strong>\u00c4nderungen<\/strong><\/p>\n\n\n\n<ul class=\"wp-block-list\">\n<li>&#8212;<\/li>\n<\/ul>\n\n\n\n<p><strong>Letzte \u00c4nderung<\/strong><\/p>\n\n\n","protected":false},"excerpt":{"rendered":"<p>Bei mir daheim sind dem\u00e4chst Wahlen. Oder doch nicht bei mir daheim? Wer entscheidet denn, wo ich mich daheim f\u00fchlen darf? Dar\u00fcber gibt es unterschiedliche Ansichten. Umso freue ich mich \u00fcber die Plakate der Partei des Gemeindepr\u00e4sidenten (=B\u00fcrgermeister) meiner Stadt. Er m\u00f6chte, dass die Stadt, in der ich wohne, f\u00fcr alle eine Heimat ist &#8211;&hellip; <a class=\"more-link\" href=\"https:\/\/erlebnis-parkplatz.net\/?p=12865\"><span class=\"screen-reader-text\">Heimat F\u00fcr Alle<\/span> weiterlesen<\/a><\/p>\n","protected":false},"author":2,"featured_media":12868,"comment_status":"closed","ping_status":"closed","sticky":false,"template":"","format":"standard","meta":{"footnotes":""},"categories":[125,1368,325,51],"tags":[1422,1364,1420,1419,164,1421,1418],"class_list":["post-12865","post","type-post","status-publish","format-standard","has-post-thumbnail","hentry","category-demokratie","category-migration","category-mitentscheiden-duerfen","category-wahlen","tag-auslaender_innen","tag-heimat","tag-heimat-fuer-alle","tag-stimmrecht","tag-wahlen","tag-wahlrecht","tag-wahlrecht-fuer-alle","entry"],"_links":{"self":[{"href":"https:\/\/erlebnis-parkplatz.net\/index.php?rest_route=\/wp\/v2\/posts\/12865","targetHints":{"allow":["GET"]}}],"collection":[{"href":"https:\/\/erlebnis-parkplatz.net\/index.php?rest_route=\/wp\/v2\/posts"}],"about":[{"href":"https:\/\/erlebnis-parkplatz.net\/index.php?rest_route=\/wp\/v2\/types\/post"}],"author":[{"embeddable":true,"href":"https:\/\/erlebnis-parkplatz.net\/index.php?rest_route=\/wp\/v2\/users\/2"}],"replies":[{"embeddable":true,"href":"https:\/\/erlebnis-parkplatz.net\/index.php?rest_route=%2Fwp%2Fv2%2Fcomments&post=12865"}],"version-history":[{"count":2,"href":"https:\/\/erlebnis-parkplatz.net\/index.php?rest_route=\/wp\/v2\/posts\/12865\/revisions"}],"predecessor-version":[{"id":12870,"href":"https:\/\/erlebnis-parkplatz.net\/index.php?rest_route=\/wp\/v2\/posts\/12865\/revisions\/12870"}],"wp:featuredmedia":[{"embeddable":true,"href":"https:\/\/erlebnis-parkplatz.net\/index.php?rest_route=\/wp\/v2\/media\/12868"}],"wp:attachment":[{"href":"https:\/\/erlebnis-parkplatz.net\/index.php?rest_route=%2Fwp%2Fv2%2Fmedia&parent=12865"}],"wp:term":[{"taxonomy":"category","embeddable":true,"href":"https:\/\/erlebnis-parkplatz.net\/index.php?rest_route=%2Fwp%2Fv2%2Fcategories&post=12865"},{"taxonomy":"post_tag","embeddable":true,"href":"https:\/\/erlebnis-parkplatz.net\/index.php?rest_route=%2Fwp%2Fv2%2Ftags&post=12865"}],"curies":[{"name":"wp","href":"https:\/\/api.w.org\/{rel}","templated":true}]}}