{"id":10556,"date":"2024-11-17T10:09:14","date_gmt":"2024-11-17T09:09:14","guid":{"rendered":"https:\/\/erlebnis-parkplatz.net\/?p=10556"},"modified":"2024-11-17T10:09:15","modified_gmt":"2024-11-17T09:09:15","slug":"man-ist-kein-rassist","status":"publish","type":"post","link":"https:\/\/erlebnis-parkplatz.net\/?p=10556","title":{"rendered":"&#8222;Man ist kein Rassist.&#8220;"},"content":{"rendered":"\n<blockquote class=\"wp-block-quote is-layout-flow wp-block-quote-is-layout-flow\">\n<p>man hat Arbeitskr\u00e4fte gerufen, und es kommen Menschen. Sie fressen den Wohlstand nicht auf, im Gegenteil, sie sind f\u00fcr den Wohlstand unerl\u00e4sslich. Aber sie sind da.<\/p>\n<\/blockquote>\n\n\n\n<p>Im Jahr 1965 hat der Schweizer Schriftsteller Max Frisch einen Text zum Thema Migration geschrieben, der auch heute noch aktuell ist &#8211; und zwar weit \u00fcber die Schweiz hinaus. Er beschreibt n\u00e4mlich ein sehr spannendes Ph\u00e4nomen: Wir tun uns \u00e4u\u00dferst schwer damit, dass wir uns anschauen: Wo hab <em>ich<\/em> ein Rassismusproblem? Warum denn eigentlich?<\/p>\n\n\n\n<blockquote class=\"wp-block-quote is-layout-flow wp-block-quote-is-layout-flow\">\n<p>Man ist kein Rassist; es ist schlie\u00dflich eine Tradition, dass man nicht rassistisch ist (&#8230;) Trotzdem sind sie einfach anders. Sie gef\u00e4hrden die Eigenart des kleinen Herrenvolkes, die ungern umschrieben wird, es sei denn im Sinn des Eigenlobs, das die andern nicht interessiert.<\/p>\n<\/blockquote>\n\n\n\n<p>Vielleicht tun wir uns deswegen so schwer damit, \u00fcber Rassismus zu reden, weil es dabei schlussendlich um uns geht &#8211; darum uns selber kritisch zu betrachten: <\/p>\n\n\n\n<ul class=\"wp-block-list\">\n<li>Wer bin ich? <\/li>\n\n\n\n<li>Wie gehe ich mit anderen Menschen um? <\/li>\n\n\n\n<li>Wo bin ich letztes Mal in die Rassimusfalle getappt (ich selber z.B.: Vor ein paar Wochen)<\/li>\n\n\n\n<li>Wo urteile ich ich vorschnell, um mich nicht mit mir selber besch\u00e4ftigen zu m\u00fcssen? <\/li>\n\n\n\n<li>Wo rede ich <em>\u00fcber<\/em> andere statt <em>mit<\/em> ihnen? <\/li>\n<\/ul>\n\n\n\n<p>Ich finde: Das sind wichtige Fragen, die es sich lohnt, dass wir sie <em>mit<\/em>einander diskutieren. Es gibt Rassismus. Es ist unser aller Aufgabe, ihn anzugehen. Auch meine. Auch deine. Kurz: Unsere.<\/p>\n\n\n\n<p>&#8212;<\/p>\n\n\n\n<p><strong>Der gesamte &#8211; sehr lesenswerte &#8211; Text von Max Frisch findet sich hier:<\/strong><\/p>\n\n\n\n<p><a href=\"https:\/\/www.berliner-zeitung.de\/der-schweizer-schriftsteller-max-frisch-1965-zum-thema-immigration-und-es-kommen-menschen-li.11810\" data-type=\"link\" data-id=\"https:\/\/www.berliner-zeitung.de\/der-schweizer-schriftsteller-max-frisch-1965-zum-thema-immigration-und-es-kommen-menschen-li.11810\" target=\"_blank\" rel=\"noreferrer noopener\">&#8222;Der Schweizer Schriftsteller Max Frisch zum Thema Immigration: &#8230; und es kommen Menschen&#8220;.<\/a> Berliner Zeitung. 08.01.2005. abgerufen am 16.11.2024<\/p>\n","protected":false},"excerpt":{"rendered":"<p>man hat Arbeitskr\u00e4fte gerufen, und es kommen Menschen. Sie fressen den Wohlstand nicht auf, im Gegenteil, sie sind f\u00fcr den Wohlstand unerl\u00e4sslich. Aber sie sind da. Im Jahr 1965 hat der Schweizer Schriftsteller Max Frisch einen Text zum Thema Migration geschrieben, der auch heute noch aktuell ist &#8211; und zwar weit \u00fcber die Schweiz hinaus.&hellip; <a class=\"more-link\" href=\"https:\/\/erlebnis-parkplatz.net\/?p=10556\"><span class=\"screen-reader-text\">&#8222;Man ist kein Rassist.&#8220;<\/span> weiterlesen<\/a><\/p>\n","protected":false},"author":2,"featured_media":10560,"comment_status":"closed","ping_status":"closed","sticky":false,"template":"","format":"standard","meta":{"footnotes":""},"categories":[145,65,391],"tags":[1091,1089,1090,767,480,1088],"class_list":["post-10556","post","type-post","status-publish","format-standard","has-post-thumbnail","hentry","category-achtsamkeit","category-herzens-weg","category-respekt","tag-1091","tag-es-kommen-menschen","tag-man-ist-kein-rassist","tag-max-frisch","tag-migration","tag-rassismus","entry"],"_links":{"self":[{"href":"https:\/\/erlebnis-parkplatz.net\/index.php?rest_route=\/wp\/v2\/posts\/10556","targetHints":{"allow":["GET"]}}],"collection":[{"href":"https:\/\/erlebnis-parkplatz.net\/index.php?rest_route=\/wp\/v2\/posts"}],"about":[{"href":"https:\/\/erlebnis-parkplatz.net\/index.php?rest_route=\/wp\/v2\/types\/post"}],"author":[{"embeddable":true,"href":"https:\/\/erlebnis-parkplatz.net\/index.php?rest_route=\/wp\/v2\/users\/2"}],"replies":[{"embeddable":true,"href":"https:\/\/erlebnis-parkplatz.net\/index.php?rest_route=%2Fwp%2Fv2%2Fcomments&post=10556"}],"version-history":[{"count":3,"href":"https:\/\/erlebnis-parkplatz.net\/index.php?rest_route=\/wp\/v2\/posts\/10556\/revisions"}],"predecessor-version":[{"id":10562,"href":"https:\/\/erlebnis-parkplatz.net\/index.php?rest_route=\/wp\/v2\/posts\/10556\/revisions\/10562"}],"wp:featuredmedia":[{"embeddable":true,"href":"https:\/\/erlebnis-parkplatz.net\/index.php?rest_route=\/wp\/v2\/media\/10560"}],"wp:attachment":[{"href":"https:\/\/erlebnis-parkplatz.net\/index.php?rest_route=%2Fwp%2Fv2%2Fmedia&parent=10556"}],"wp:term":[{"taxonomy":"category","embeddable":true,"href":"https:\/\/erlebnis-parkplatz.net\/index.php?rest_route=%2Fwp%2Fv2%2Fcategories&post=10556"},{"taxonomy":"post_tag","embeddable":true,"href":"https:\/\/erlebnis-parkplatz.net\/index.php?rest_route=%2Fwp%2Fv2%2Ftags&post=10556"}],"curies":[{"name":"wp","href":"https:\/\/api.w.org\/{rel}","templated":true}]}}